{"id":1805,"date":"2022-08-08T15:25:05","date_gmt":"2022-08-08T12:25:05","guid":{"rendered":"https:\/\/vrancart.ro\/public-notice-15\/1805\/"},"modified":"2024-10-13T08:49:12","modified_gmt":"2024-10-13T05:49:12","slug":"public-notice-15","status":"publish","type":"post","link":"https:\/\/vrancart.ro\/en\/public-notice-15\/","title":{"rendered":"PUBLIC NOTICE"},"content":{"rendered":"<p><strong>A.P.M. Vrancea, VRANCART SA  <\/strong>cu sediul \u00een Adjud, str. Ecaterina Teodoroiu nr. 17, jud. Vrancea, anun\u021b\u0103 publicul interesat asupra deciziei Agen\u021biei pentru Protec\u021bia Mediului Vrancea de \u00eencadrare pentru \u201e  <strong> PUZ \u2013 Construire parc fotovoltaic cu centrala electric\u0103, cl\u0103dire post transformare, drum de acces, cabina paz\u0103, parcare \u0219i utilit\u0103\u021bi \u201d cu amplasamentul in extravilanul Municipiului Adjud, T125\/2, P662, 662\/1, 662\/2, 662\/3, 662\/4, 662\/5, 662\/6, CF 58757, jud. Vrancea <\/strong>, titular <strong>VRANCART SA <\/strong>\u00een procedura de adoptare f\u0103r\u0103 evaluare de mediu. Observa\u021biile publicului se vor primi \u00een scris, sub semn\u0103tura \u0219i cu date de identificare la sediul A.P.M. Vrancea, de luni p\u00e2n\u0103 joi, \u00eentre orele 8.00-16.30 \u0219i vineri \u00eentre orele 8.00-14.00, \u00een termen de 10 zile calendaristice de la data public\u0103rii anun\u021bului. Conducerea VRANCART S.A.   <\/p>\n","protected":false},"excerpt":{"rendered":"<p>A.P.M. Vrancea, VRANCART SA cu sediul \u00een Adjud, str. Ecaterina  [&#8230;]<\/p>\n","protected":false},"author":2,"featured_media":1365,"comment_status":"open","ping_status":"open","sticky":false,"template":"","format":"standard","meta":{"footnotes":""},"categories":[35],"tags":[],"class_list":["post-1805","post","type-post","status-publish","format-standard","has-post-thumbnail","hentry","category-public-information"],"_links":{"self":[{"href":"https:\/\/vrancart.ro\/en\/wp-json\/wp\/v2\/posts\/1805","targetHints":{"allow":["GET"]}}],"collection":[{"href":"https:\/\/vrancart.ro\/en\/wp-json\/wp\/v2\/posts"}],"about":[{"href":"https:\/\/vrancart.ro\/en\/wp-json\/wp\/v2\/types\/post"}],"author":[{"embeddable":true,"href":"https:\/\/vrancart.ro\/en\/wp-json\/wp\/v2\/users\/2"}],"replies":[{"embeddable":true,"href":"https:\/\/vrancart.ro\/en\/wp-json\/wp\/v2\/comments?post=1805"}],"version-history":[{"count":1,"href":"https:\/\/vrancart.ro\/en\/wp-json\/wp\/v2\/posts\/1805\/revisions"}],"predecessor-version":[{"id":1960,"href":"https:\/\/vrancart.ro\/en\/wp-json\/wp\/v2\/posts\/1805\/revisions\/1960"}],"wp:featuredmedia":[{"embeddable":true,"href":"https:\/\/vrancart.ro\/en\/wp-json\/wp\/v2\/media\/1365"}],"wp:attachment":[{"href":"https:\/\/vrancart.ro\/en\/wp-json\/wp\/v2\/media?parent=1805"}],"wp:term":[{"taxonomy":"category","embeddable":true,"href":"https:\/\/vrancart.ro\/en\/wp-json\/wp\/v2\/categories?post=1805"},{"taxonomy":"post_tag","embeddable":true,"href":"https:\/\/vrancart.ro\/en\/wp-json\/wp\/v2\/tags?post=1805"}],"curies":[{"name":"wp","href":"https:\/\/api.w.org\/{rel}","templated":true}]}}