{"id":1806,"date":"2021-10-26T15:12:57","date_gmt":"2021-10-26T12:12:57","guid":{"rendered":"https:\/\/vrancart.ro\/public-notice-16\/1806\/"},"modified":"2024-10-13T08:49:12","modified_gmt":"2024-10-13T05:49:12","slug":"public-notice-16","status":"publish","type":"post","link":"https:\/\/vrancart.ro\/en\/public-notice-16\/","title":{"rendered":"PUBLIC NOTICE"},"content":{"rendered":"<p><strong>S.C. VRANCART RECYCLING SRL<\/strong> av\u00e2nd sediul \u00een Adjud, str. Ecaterina Teodoroiu nr. 17, jud. Vrancea, solicit\u0103 la A.P.M. Vrancea ob\u021binerea autoriza\u021biei de mediu conform Ordinului M.M.D.D. nr. 1798\/2007 cu modific\u0103rile \u0219i complet\u0103rile ulterioare \u0219i a OUG nr. 195\/2005 privind protec\u021bia mediului, aprobat\u0103 prin Legea nr. 265\/2006, art.12, pentru activit\u0103\u021bile de <strong>Colectare \u0219i reciclare a ambalajelor din lemn (pale\u021bi)<\/strong>, ce se desfasoara \u00een Adjud, str. Ecaterina Teodoroiu nr. 17, jud. Vrancea . Eventualele propuneri si sugestii\/observatii ale publicului, privind activitatea men\u021bionat\u0103, se vor prezenta \u00een scris, sub semn\u0103tur\u0103 \u015fi cu datele de identificare,de luni pana joi, \u00eentre orele 8 \u2013 16 \u0219i vineri \u00eentre orele 8-14, la sediul Agen\u021biei pentru Protec\u021bia Mediului Vrancea, din Foc\u0219ani, str. Dinicu Golescu nr.2, telefon 0237.216812, unde se poate consulta \u0219i documenta\u021bia tehnic\u0103 depus\u0103. Conducerea S.C. VRANCART RECYCLING SRL        <\/p>\n","protected":false},"excerpt":{"rendered":"<p>S.C. VRANCART RECYCLING SRL av\u00e2nd sediul \u00een Adjud, str. Ecaterina  [&#8230;]<\/p>\n","protected":false},"author":2,"featured_media":1365,"comment_status":"open","ping_status":"open","sticky":false,"template":"","format":"standard","meta":{"footnotes":""},"categories":[35],"tags":[],"class_list":["post-1806","post","type-post","status-publish","format-standard","has-post-thumbnail","hentry","category-public-information"],"_links":{"self":[{"href":"https:\/\/vrancart.ro\/en\/wp-json\/wp\/v2\/posts\/1806","targetHints":{"allow":["GET"]}}],"collection":[{"href":"https:\/\/vrancart.ro\/en\/wp-json\/wp\/v2\/posts"}],"about":[{"href":"https:\/\/vrancart.ro\/en\/wp-json\/wp\/v2\/types\/post"}],"author":[{"embeddable":true,"href":"https:\/\/vrancart.ro\/en\/wp-json\/wp\/v2\/users\/2"}],"replies":[{"embeddable":true,"href":"https:\/\/vrancart.ro\/en\/wp-json\/wp\/v2\/comments?post=1806"}],"version-history":[{"count":1,"href":"https:\/\/vrancart.ro\/en\/wp-json\/wp\/v2\/posts\/1806\/revisions"}],"predecessor-version":[{"id":1963,"href":"https:\/\/vrancart.ro\/en\/wp-json\/wp\/v2\/posts\/1806\/revisions\/1963"}],"wp:featuredmedia":[{"embeddable":true,"href":"https:\/\/vrancart.ro\/en\/wp-json\/wp\/v2\/media\/1365"}],"wp:attachment":[{"href":"https:\/\/vrancart.ro\/en\/wp-json\/wp\/v2\/media?parent=1806"}],"wp:term":[{"taxonomy":"category","embeddable":true,"href":"https:\/\/vrancart.ro\/en\/wp-json\/wp\/v2\/categories?post=1806"},{"taxonomy":"post_tag","embeddable":true,"href":"https:\/\/vrancart.ro\/en\/wp-json\/wp\/v2\/tags?post=1806"}],"curies":[{"name":"wp","href":"https:\/\/api.w.org\/{rel}","templated":true}]}}